{"id":8512,"date":"2026-01-23T16:09:55","date_gmt":"2026-01-23T15:09:55","guid":{"rendered":"https:\/\/www.autoesa.cz\/zajimavosti\/?p=8512"},"modified":"2026-03-06T10:14:22","modified_gmt":"2026-03-06T09:14:22","slug":"gen-z-a-hledani-prace-v-automotive","status":"publish","type":"post","link":"https:\/\/www.autoesa.cz\/zajimavosti\/ostatni\/gen-z-a-hledani-prace-v-automotive\/","title":{"rendered":"Hled\u00e1n\u00ed pr\u00e1ce pro Gen Z: Pro\u010d se dnes vyplat\u00ed technick\u00e9 obory a automotive"},"content":{"rendered":"\n<p>Vstup na trh pr\u00e1ce dnes nen\u00ed jednoduch\u00fd. Mo\u017enost\u00ed je hodn\u011b, informac\u00ed je\u0161t\u011b v\u00edc, ale \u010dasto chyb\u00ed jistota, kudy se vlastn\u011b vydat. Gen Z vyr\u016fst\u00e1 v dob\u011b rychl\u00fdch zm\u011bn, technologi\u00ed a nejistoty. Mo\u017en\u00e1 i proto vid\u00edme, \u017ee st\u00e1le v\u00edce mlad\u00fdch lid\u00ed za\u010d\u00edn\u00e1 znovu p\u0159em\u00fd\u0161let nad <strong>technick\u00fdmi obory a praktick\u00fdmi profesemi<\/strong>, kter\u00e9 d\u00e1vaj\u00ed smysl dlouhodob\u011b. Automotive je jedn\u00edm z nich.<\/p>\n\n\n\n<div style=\"height:20px\" aria-hidden=\"true\" class=\"wp-block-spacer\"><\/div>\n\n\n\n<p class=\"has-text-align-center\"><strong>Zaj\u00edm\u00e1 v\u00e1s pr\u00e1ce v automotive?<\/strong><br><strong>Pod\u00edvejte se na aktu\u00e1ln\u00ed voln\u00e9 pozice v Auto ESA<\/strong><\/p>\n\n\n\n<div class=\"wp-block-buttons is-content-justification-center is-layout-flex wp-container-core-buttons-is-layout-16018d1d wp-block-buttons-is-layout-flex\">\n<div class=\"wp-block-button is-style-outline is-style-outline--1\"><a class=\"wp-block-button__link has-text-align-center wp-element-button\" href=\"https:\/\/kariera.autoesa.cz\/volna-mista\">Voln\u00e9 pozice<\/a><\/div>\n<\/div>\n\n\n\n<div style=\"height:70px\" aria-hidden=\"true\" class=\"wp-block-spacer\"><\/div>\n\n\n\n<h2 class=\"wp-block-heading has-medium-font-size\">Gen Z na trhu pr\u00e1ce: realita, ne iluze<\/h2>\n\n\n\n<p>Mnoho lid\u00ed z generace Z vstupuje do pr\u00e1ce s velk\u00fdmi o\u010dek\u00e1v\u00e1n\u00edmi, ale z\u00e1rove\u0148 s obavami. Trh je p\u0159ehlcen\u00fd, n\u011bkter\u00e9 obory jsou nejist\u00e9 a spousta pracovn\u00edch nab\u00eddek p\u016fsob\u00ed podobn\u011b. \u010casto sly\u0161\u00edme, \u017ee \u201ev\u0161echno je mo\u017en\u00e9\u201c, ale m\u00e9n\u011b u\u017e se mluv\u00ed o tom, <strong>co je dlouhodob\u011b udr\u017eiteln\u00e9<\/strong>.<\/p>\n\n\n\n<p>Pr\u00e1v\u011b proto se \u010d\u00e1st Gen Z za\u010d\u00edn\u00e1 d\u00edvat jinam ne\u017e jen na kancel\u00e1\u0159sk\u00e9 nebo \u010dist\u011b digit\u00e1ln\u00ed role. Hledaj\u00ed pr\u00e1ci, kter\u00e1 m\u00e1 jasn\u00fd v\u00fdsledek, konkr\u00e9tn\u00ed n\u00e1pl\u0148 a mo\u017enost ovlivnit vlastn\u00ed v\u00fdkon. A tady se znovu dost\u00e1vaj\u00ed do hry technick\u00e9 profese.<\/p>\n\n\n\n<h2 class=\"wp-block-heading has-medium-font-size\">Pro\u010d se Gen Z vrac\u00ed k technick\u00fdm obor\u016fm<\/h2>\n\n\n\n<p>Technick\u00e9 role dnes nejsou krokem zp\u011bt. Naopak. Jsou reakc\u00ed na realitu trhu pr\u00e1ce. Nab\u00edzej\u00ed:<\/p>\n\n\n\n<ul class=\"wp-block-list\">\n<li>stabilitu a jasnou strukturu<\/li>\n\n\n\n<li>p\u0159\u00edmou vazbu mezi v\u00fdkonem a v\u00fdsledkem<\/li>\n\n\n\n<li>dovednosti, kter\u00e9 maj\u00ed hodnotu i do budoucna<\/li>\n\n\n\n<li>men\u0161\u00ed n\u00e1chylnost k automatizaci<\/li>\n<\/ul>\n\n\n\n<p>Pro Gen Z, kter\u00e1 hled\u00e1 jistotu, ale nechce stagnovat, je to \u010dasto logick\u00e1 volba. Nejde o to \u201ed\u011blat rukama m\u00edsto hlavou\u201c, ale <strong>kombinovat oboj\u00ed<\/strong>. A p\u0159esn\u011b to dnes automotive nab\u00edz\u00ed.<\/p>\n\n\n\n<figure class=\"wp-block-image size-full\"><img loading=\"lazy\" decoding=\"async\" width=\"900\" height=\"600\" src=\"https:\/\/www.autoesa.cz\/zajimavosti\/wp-content\/uploads\/2026\/01\/Gen-Z-na-trhu-prace-2.png\" alt=\"Technick\u00e1 pr\u00e1ce v automotive \u2013 mlad\u00fd pracovn\u00edk p\u0159i kontrole vozidla v modern\u00edm servisu Auto ESA\" class=\"wp-image-8525\" srcset=\"https:\/\/www.autoesa.cz\/zajimavosti\/wp-content\/uploads\/2026\/01\/Gen-Z-na-trhu-prace-2.png 900w, https:\/\/www.autoesa.cz\/zajimavosti\/wp-content\/uploads\/2026\/01\/Gen-Z-na-trhu-prace-2-300x200.png 300w, https:\/\/www.autoesa.cz\/zajimavosti\/wp-content\/uploads\/2026\/01\/Gen-Z-na-trhu-prace-2-768x512.png 768w, https:\/\/www.autoesa.cz\/zajimavosti\/wp-content\/uploads\/2026\/01\/Gen-Z-na-trhu-prace-2-600x400.png 600w\" sizes=\"auto, (max-width: 900px) 100vw, 900px\" \/><\/figure>\n\n\n\n<h2 class=\"wp-block-heading has-medium-font-size\">Automotive nen\u00ed jen o mechanice<\/h2>\n\n\n\n<p>Jedn\u00edm z nejv\u011bt\u0161\u00edch m\u00fdt\u016f je, \u017ee pr\u00e1ce v automotive znamen\u00e1 jen servis nebo mechaniku. Realita je mnohem \u0161ir\u0161\u00ed. Automotive dnes spojuje:<\/p>\n\n\n\n<ul class=\"wp-block-list\">\n<li>pr\u00e1ci s lidmi a z\u00e1kazn\u00edky<\/li>\n\n\n\n<li>obchod a vyjedn\u00e1v\u00e1n\u00ed<\/li>\n\n\n\n<li>pr\u00e1ci se syst\u00e9my, daty a procesy<\/li>\n\n\n\n<li>technologie, logistiku a organizaci<\/li>\n<\/ul>\n\n\n\n<p>U n\u00e1s v Auto ESA pracuj\u00ed lid\u00e9 z Gen Z nap\u0159\u00ed\u010d firmou. V HR, na call centru, v prodeji, na v\u00fdkupu. Pr\u00e1v\u011b tam \u010dasto vynikaj\u00ed jejich siln\u00e9 str\u00e1nky: energie, flexibilita, rychlost reakce a schopnost dr\u017eet tempo.<\/p>\n\n\n\n<h2 class=\"wp-block-heading has-medium-font-size\">Kde Gen Z v automotive opravdu funguje<\/h2>\n\n\n\n<p>Vid\u00edme, \u017ee mlad\u00ed lid\u00e9 se velmi dob\u0159e uplat\u0148uj\u00ed tam, kde je pot\u0159eba:<\/p>\n\n\n\n<ul class=\"wp-block-list\">\n<li>komunikace se z\u00e1kazn\u00edky<\/li>\n\n\n\n<li>rychl\u00e9 rozhodov\u00e1n\u00ed<\/li>\n\n\n\n<li>zvl\u00e1d\u00e1n\u00ed dynamick\u00e9ho prost\u0159ed\u00ed<\/li>\n\n\n\n<li>pr\u00e1ce \u201ena nohou\u201c, ne jen od stolu<\/li>\n<\/ul>\n\n\n\n<p>Proto jich hodn\u011b potk\u00e1te v prodeji voz\u016f nebo na call centru. Ne proto, \u017ee by \u201enemohli v\u00edc\u201c, ale proto, \u017ee tyto role vy\u017eaduj\u00ed energii, tempo a chu\u0165 b\u00fdt v kontaktu s lidmi. Z\u00e1rove\u0148 ale plat\u00ed jedna d\u016fle\u017eit\u00e1 v\u011bc: <strong>nen\u00ed to brig\u00e1da ani zkou\u0161ka nane\u010disto<\/strong>. Hled\u00e1me mlad\u00e9 lidi, kte\u0159\u00ed cht\u011bj\u00ed pracovat, postavit se na vlastn\u00ed nohy a p\u0159evz\u00edt odpov\u011bdnost za sv\u00e9 v\u00fdsledky.<\/p>\n\n\n\n<figure class=\"wp-block-gallery has-nested-images columns-default is-cropped wp-block-gallery-2 is-layout-flex wp-block-gallery-is-layout-flex\">\n<figure class=\"wp-block-image size-large\"><img loading=\"lazy\" decoding=\"async\" width=\"900\" height=\"600\" data-id=\"8526\" src=\"https:\/\/www.autoesa.cz\/zajimavosti\/wp-content\/uploads\/2026\/01\/Gen-Z-na-trhu-prace-3.png\" alt=\"Pr\u00e1ce na call centru v automotive \u2013 mlad\u00ed lid\u00e9 z Gen Z p\u0159i komunikaci se z\u00e1kazn\u00edky v Auto ESA\" class=\"wp-image-8526\" srcset=\"https:\/\/www.autoesa.cz\/zajimavosti\/wp-content\/uploads\/2026\/01\/Gen-Z-na-trhu-prace-3.png 900w, https:\/\/www.autoesa.cz\/zajimavosti\/wp-content\/uploads\/2026\/01\/Gen-Z-na-trhu-prace-3-300x200.png 300w, https:\/\/www.autoesa.cz\/zajimavosti\/wp-content\/uploads\/2026\/01\/Gen-Z-na-trhu-prace-3-768x512.png 768w, https:\/\/www.autoesa.cz\/zajimavosti\/wp-content\/uploads\/2026\/01\/Gen-Z-na-trhu-prace-3-600x400.png 600w\" sizes=\"auto, (max-width: 900px) 100vw, 900px\" \/><\/figure>\n\n\n\n<figure class=\"wp-block-image size-large\"><img loading=\"lazy\" decoding=\"async\" width=\"900\" height=\"600\" data-id=\"8529\" src=\"https:\/\/www.autoesa.cz\/zajimavosti\/wp-content\/uploads\/2026\/01\/Gen-Z-na-trhu-prace-4.png\" alt=\"Prodej voz\u016f v automotive \u2013 mlad\u00fd pracovn\u00edk z Gen Z p\u0159i jedn\u00e1n\u00ed se z\u00e1kazn\u00edkem u auta v Auto ESA\" class=\"wp-image-8529\" srcset=\"https:\/\/www.autoesa.cz\/zajimavosti\/wp-content\/uploads\/2026\/01\/Gen-Z-na-trhu-prace-4.png 900w, https:\/\/www.autoesa.cz\/zajimavosti\/wp-content\/uploads\/2026\/01\/Gen-Z-na-trhu-prace-4-300x200.png 300w, https:\/\/www.autoesa.cz\/zajimavosti\/wp-content\/uploads\/2026\/01\/Gen-Z-na-trhu-prace-4-768x512.png 768w, https:\/\/www.autoesa.cz\/zajimavosti\/wp-content\/uploads\/2026\/01\/Gen-Z-na-trhu-prace-4-600x400.png 600w\" sizes=\"auto, (max-width: 900px) 100vw, 900px\" \/><\/figure>\n<\/figure>\n\n\n\n<h2 class=\"wp-block-heading has-medium-font-size\">Co Gen Z u n\u00e1s oce\u0148uje (a co je f\u00e9r \u0159\u00edct nahlas)<\/h2>\n\n\n\n<p>Jsme otev\u0159en\u00ed a \u0159\u00edk\u00e1me v\u011bci tak, jak jsou. Ano, chceme mlad\u00e9 lidi. Ale z\u00e1rove\u0148 chceme motivaci. Automotive nen\u00ed obor, kde \u201esi to jen zkus\u00edm\u201c. Kdy\u017e ale chu\u0165 pracovat m\u00e1te, syst\u00e9m v\u00e1s podr\u017e\u00ed.<\/p>\n\n\n\n<p>Auto ESA nab\u00edz\u00ed:<\/p>\n\n\n\n<ul class=\"wp-block-list\">\n<li>jasn\u011b nastaven\u00e9 procesy<\/li>\n\n\n\n<li>f\u00e9rov\u00fd syst\u00e9m odm\u011b\u0148ov\u00e1n\u00ed<\/li>\n\n\n\n<li>mo\u017enost ovlivnit v\u00fdd\u011blek vlastn\u00edm v\u00fdkonem<\/li>\n\n\n\n<li>re\u00e1lnou podporu mana\u017eer\u016f a tren\u00e9r\u016f<\/li>\n\n\n\n<li>prost\u0159ed\u00ed, kde jedno odd\u011blen\u00ed navazuje na druh\u00e9<\/li>\n<\/ul>\n\n\n\n<p>\u010casto sly\u0161\u00edme, \u017ee pr\u00e1v\u011b veden\u00ed a kolektiv jsou d\u016fvodem, pro\u010d lid\u00e9 z\u016fst\u00e1vaj\u00ed. Mana\u017ee\u0159i jsou p\u0159\u00edtomn\u00ed ka\u017ed\u00fd den, pom\u00e1haj\u00ed, vysv\u011btluj\u00ed, podporuj\u00ed. Nov\u00e1\u010dky nikdo nenech\u00e1 \u201eplavat\u201c. Z\u00e1rove\u0148 ale plat\u00ed, \u017ee v\u00fdsledky jsou na v\u00e1s.<\/p>\n\n\n\n<h2 class=\"wp-block-heading has-medium-font-size\">Pro\u010d d\u00e1t automotive &#8211; a Auto ESA &#8211; \u0161anci<\/h2>\n\n\n\n<p>Automotive dnes nen\u00ed star\u00fd sv\u011bt. Je to prost\u0159ed\u00ed, kter\u00e9 se vyv\u00edj\u00ed, hled\u00e1 nov\u00e9 cesty a pot\u0159ebuje <strong>nov\u00fd pohled<\/strong>. Pr\u00e1v\u011b ten Gen Z p\u0159in\u00e1\u0161\u00ed. Technologie, komunikace, soci\u00e1ln\u00ed s\u00edt\u011b, tempo, to jsou oblasti, kde maj\u00ed mlad\u00ed lid\u00e9 p\u0159irozenou v\u00fdhodu.<\/p>\n\n\n\n<p>My to vid\u00edme a v\u00e1\u017e\u00edme si toho. Z\u00e1rove\u0148 nab\u00edz\u00edme stabilitu, syst\u00e9m a f\u00e9rov\u00e9 podm\u00ednky. Nen\u00ed to startupov\u00fd chaos, ale ani zkostnat\u011bl\u00e1 struktura. Je to m\u00edsto, kde pr\u00e1ce d\u00e1v\u00e1 smysl a kde m\u016f\u017eete r\u016fst, pokud chcete.<\/p>\n\n\n\n<h2 class=\"wp-block-heading has-medium-font-size\">Jak\u00fd je dal\u0161\u00ed krok<\/h2>\n\n\n\n<p>Pokud pat\u0159\u00edte ke Gen Z a p\u0159em\u00fd\u0161l\u00edte, kam se na trhu pr\u00e1ce posunout, technick\u00e9 obory a automotive stoj\u00ed za pozornost. Ne jako kompromis, ale jako <strong>re\u00e1ln\u00e1 kari\u00e9rn\u00ed volba<\/strong>.<\/p>\n\n\n\n<div style=\"height:20px\" aria-hidden=\"true\" class=\"wp-block-spacer\"><\/div>\n\n\n\n<p class=\"has-text-align-center\"><strong>Chcete pracovat s auty, lidmi a modern\u00edmi syst\u00e9my?<\/strong><br><strong>Pod\u00edvejte se na aktu\u00e1ln\u00ed voln\u00e9 pozice v Auto ESA<\/strong><\/p>\n\n\n\n<div class=\"wp-block-buttons is-content-justification-center is-layout-flex wp-container-core-buttons-is-layout-16018d1d wp-block-buttons-is-layout-flex\">\n<div class=\"wp-block-button is-style-outline is-style-outline--3\"><a class=\"wp-block-button__link has-text-align-center wp-element-button\" href=\"https:\/\/kariera.autoesa.cz\/volna-mista\">Voln\u00e9 pozice<\/a><\/div>\n<\/div>\n\n\n\n<div style=\"height:100px\" aria-hidden=\"true\" class=\"wp-block-spacer\"><\/div>\n\n\n\n<ul class=\"wp-block-social-links aligncenter has-normal-icon-size is-style-pill-shape is-layout-flex wp-block-social-links-is-layout-flex\"><li class=\"wp-social-link wp-social-link-linkedin  wp-block-social-link\"><a rel=\"noopener nofollow\" target=\"_blank\" href=\"https:\/\/www.linkedin.com\/company\/autocentrum-esa-a-s-\/\" class=\"wp-block-social-link-anchor\"><svg width=\"24\" height=\"24\" viewBox=\"0 0 24 24\" version=\"1.1\" xmlns=\"http:\/\/www.w3.org\/2000\/svg\" aria-hidden=\"true\" focusable=\"false\"><path d=\"M19.7,3H4.3C3.582,3,3,3.582,3,4.3v15.4C3,20.418,3.582,21,4.3,21h15.4c0.718,0,1.3-0.582,1.3-1.3V4.3 C21,3.582,20.418,3,19.7,3z M8.339,18.338H5.667v-8.59h2.672V18.338z M7.004,8.574c-0.857,0-1.549-0.694-1.549-1.548 c0-0.855,0.691-1.548,1.549-1.548c0.854,0,1.547,0.694,1.547,1.548C8.551,7.881,7.858,8.574,7.004,8.574z M18.339,18.338h-2.669 v-4.177c0-0.996-0.017-2.278-1.387-2.278c-1.389,0-1.601,1.086-1.601,2.206v4.249h-2.667v-8.59h2.559v1.174h0.037 c0.356-0.675,1.227-1.387,2.526-1.387c2.703,0,3.203,1.779,3.203,4.092V18.338z\"><\/path><\/svg><span class=\"wp-block-social-link-label screen-reader-text\">LinkedIn<\/span><\/a><\/li>\n\n<li class=\"wp-social-link wp-social-link-facebook  wp-block-social-link\"><a rel=\"noopener nofollow\" target=\"_blank\" href=\"https:\/\/www.facebook.com\/autoesateam\/\" class=\"wp-block-social-link-anchor\"><svg width=\"24\" height=\"24\" viewBox=\"0 0 24 24\" version=\"1.1\" xmlns=\"http:\/\/www.w3.org\/2000\/svg\" aria-hidden=\"true\" focusable=\"false\"><path d=\"M12 2C6.5 2 2 6.5 2 12c0 5 3.7 9.1 8.4 9.9v-7H7.9V12h2.5V9.8c0-2.5 1.5-3.9 3.8-3.9 1.1 0 2.2.2 2.2.2v2.5h-1.3c-1.2 0-1.6.8-1.6 1.6V12h2.8l-.4 2.9h-2.3v7C18.3 21.1 22 17 22 12c0-5.5-4.5-10-10-10z\"><\/path><\/svg><span class=\"wp-block-social-link-label screen-reader-text\">Facebook<\/span><\/a><\/li>\n\n<li class=\"wp-social-link wp-social-link-instagram  wp-block-social-link\"><a rel=\"noopener nofollow\" target=\"_blank\" href=\"https:\/\/www.instagram.com\/autoesateam\/\" class=\"wp-block-social-link-anchor\"><svg width=\"24\" height=\"24\" viewBox=\"0 0 24 24\" version=\"1.1\" xmlns=\"http:\/\/www.w3.org\/2000\/svg\" aria-hidden=\"true\" focusable=\"false\"><path d=\"M12,4.622c2.403,0,2.688,0.009,3.637,0.052c0.877,0.04,1.354,0.187,1.671,0.31c0.42,0.163,0.72,0.358,1.035,0.673 c0.315,0.315,0.51,0.615,0.673,1.035c0.123,0.317,0.27,0.794,0.31,1.671c0.043,0.949,0.052,1.234,0.052,3.637 s-0.009,2.688-0.052,3.637c-0.04,0.877-0.187,1.354-0.31,1.671c-0.163,0.42-0.358,0.72-0.673,1.035 c-0.315,0.315-0.615,0.51-1.035,0.673c-0.317,0.123-0.794,0.27-1.671,0.31c-0.949,0.043-1.233,0.052-3.637,0.052 s-2.688-0.009-3.637-0.052c-0.877-0.04-1.354-0.187-1.671-0.31c-0.42-0.163-0.72-0.358-1.035-0.673 c-0.315-0.315-0.51-0.615-0.673-1.035c-0.123-0.317-0.27-0.794-0.31-1.671C4.631,14.688,4.622,14.403,4.622,12 s0.009-2.688,0.052-3.637c0.04-0.877,0.187-1.354,0.31-1.671c0.163-0.42,0.358-0.72,0.673-1.035 c0.315-0.315,0.615-0.51,1.035-0.673c0.317-0.123,0.794-0.27,1.671-0.31C9.312,4.631,9.597,4.622,12,4.622 M12,3 C9.556,3,9.249,3.01,8.289,3.054C7.331,3.098,6.677,3.25,6.105,3.472C5.513,3.702,5.011,4.01,4.511,4.511 c-0.5,0.5-0.808,1.002-1.038,1.594C3.25,6.677,3.098,7.331,3.054,8.289C3.01,9.249,3,9.556,3,12c0,2.444,0.01,2.751,0.054,3.711 c0.044,0.958,0.196,1.612,0.418,2.185c0.23,0.592,0.538,1.094,1.038,1.594c0.5,0.5,1.002,0.808,1.594,1.038 c0.572,0.222,1.227,0.375,2.185,0.418C9.249,20.99,9.556,21,12,21s2.751-0.01,3.711-0.054c0.958-0.044,1.612-0.196,2.185-0.418 c0.592-0.23,1.094-0.538,1.594-1.038c0.5-0.5,0.808-1.002,1.038-1.594c0.222-0.572,0.375-1.227,0.418-2.185 C20.99,14.751,21,14.444,21,12s-0.01-2.751-0.054-3.711c-0.044-0.958-0.196-1.612-0.418-2.185c-0.23-0.592-0.538-1.094-1.038-1.594 c-0.5-0.5-1.002-0.808-1.594-1.038c-0.572-0.222-1.227-0.375-2.185-0.418C14.751,3.01,14.444,3,12,3L12,3z M12,7.378 c-2.552,0-4.622,2.069-4.622,4.622S9.448,16.622,12,16.622s4.622-2.069,4.622-4.622S14.552,7.378,12,7.378z M12,15 c-1.657,0-3-1.343-3-3s1.343-3,3-3s3,1.343,3,3S13.657,15,12,15z M16.804,6.116c-0.596,0-1.08,0.484-1.08,1.08 s0.484,1.08,1.08,1.08c0.596,0,1.08-0.484,1.08-1.08S17.401,6.116,16.804,6.116z\"><\/path><\/svg><span class=\"wp-block-social-link-label screen-reader-text\">Instagram<\/span><\/a><\/li>\n\n<li class=\"wp-social-link wp-social-link-tiktok  wp-block-social-link\"><a rel=\"noopener nofollow\" target=\"_blank\" href=\"https:\/\/www.tiktok.com\/@autoesateam\" class=\"wp-block-social-link-anchor\"><svg width=\"24\" height=\"24\" viewBox=\"0 0 32 32\" version=\"1.1\" xmlns=\"http:\/\/www.w3.org\/2000\/svg\" aria-hidden=\"true\" focusable=\"false\"><path d=\"M16.708 0.027c1.745-0.027 3.48-0.011 5.213-0.027 0.105 2.041 0.839 4.12 2.333 5.563 1.491 1.479 3.6 2.156 5.652 2.385v5.369c-1.923-0.063-3.855-0.463-5.6-1.291-0.76-0.344-1.468-0.787-2.161-1.24-0.009 3.896 0.016 7.787-0.025 11.667-0.104 1.864-0.719 3.719-1.803 5.255-1.744 2.557-4.771 4.224-7.88 4.276-1.907 0.109-3.812-0.411-5.437-1.369-2.693-1.588-4.588-4.495-4.864-7.615-0.032-0.667-0.043-1.333-0.016-1.984 0.24-2.537 1.495-4.964 3.443-6.615 2.208-1.923 5.301-2.839 8.197-2.297 0.027 1.975-0.052 3.948-0.052 5.923-1.323-0.428-2.869-0.308-4.025 0.495-0.844 0.547-1.485 1.385-1.819 2.333-0.276 0.676-0.197 1.427-0.181 2.145 0.317 2.188 2.421 4.027 4.667 3.828 1.489-0.016 2.916-0.88 3.692-2.145 0.251-0.443 0.532-0.896 0.547-1.417 0.131-2.385 0.079-4.76 0.095-7.145 0.011-5.375-0.016-10.735 0.025-16.093z\" \/><\/svg><span class=\"wp-block-social-link-label screen-reader-text\">TikTok<\/span><\/a><\/li><\/ul>\n\n\n\n<p><\/p>\n","protected":false},"excerpt":{"rendered":"<p>Vstup na trh pr\u00e1ce dnes nen\u00ed pro Gen Z jednoduch\u00fd. Jak se zorientovat, pro\u010d d\u00e1vaj\u00ed technick\u00e9 obory znovu smysl a jak m\u016f\u017ee automotive nab\u00eddnout stabiln\u00ed a perspektivn\u00ed kari\u00e9ru mlad\u00fdm lidem, kte\u0159\u00ed cht\u011bj\u00ed pracovat a r\u016fst.<\/p>\n","protected":false},"author":22,"featured_media":8524,"comment_status":"open","ping_status":"open","sticky":false,"template":"","format":"standard","meta":{"footnotes":""},"categories":[1],"tags":[838,835,828,833,836],"class_list":["post-8512","post","type-post","status-publish","format-standard","has-post-thumbnail","hentry","category-ostatni","tag-automotive","tag-gen-z","tag-hledani-prace","tag-kariera","tag-prace"],"yoast_head":"<!-- This site is optimized with the Yoast SEO plugin v27.5 - https:\/\/yoast.com\/product\/yoast-seo-wordpress\/ -->\n<title>Gen Z a hled\u00e1n\u00ed pr\u00e1ce - Pro\u010d d\u00e1t \u0161anci zrovna automotive oboru? - Zaj\u00edmavosti Auto ESA<\/title>\n<meta name=\"description\" content=\"Jak se Gen Z d\u00edv\u00e1 na hled\u00e1n\u00ed pr\u00e1ce? Praktick\u00fd pohled na technick\u00e9 obory a pro\u010d m\u016f\u017ee b\u00fdt automotive stabiln\u00ed kari\u00e9rn\u00ed volbou.\" \/>\n<meta name=\"robots\" content=\"index, follow, max-snippet:-1, max-image-preview:large, max-video-preview:-1\" \/>\n<link rel=\"canonical\" href=\"https:\/\/www.autoesa.cz\/zajimavosti\/ostatni\/gen-z-a-hledani-prace-v-automotive\/\" \/>\n<meta property=\"og:locale\" content=\"cs_CZ\" \/>\n<meta property=\"og:type\" content=\"article\" \/>\n<meta property=\"og:title\" content=\"Gen Z a hled\u00e1n\u00ed pr\u00e1ce - Pro\u010d d\u00e1t \u0161anci zrovna automotive oboru? - Zaj\u00edmavosti Auto ESA\" \/>\n<meta property=\"og:description\" content=\"Jak se Gen Z d\u00edv\u00e1 na hled\u00e1n\u00ed pr\u00e1ce? Praktick\u00fd pohled na technick\u00e9 obory a pro\u010d m\u016f\u017ee b\u00fdt automotive stabiln\u00ed kari\u00e9rn\u00ed volbou.\" \/>\n<meta property=\"og:url\" content=\"https:\/\/www.autoesa.cz\/zajimavosti\/ostatni\/gen-z-a-hledani-prace-v-automotive\/\" \/>\n<meta property=\"og:site_name\" content=\"Zaj\u00edmavosti Auto ESA\" \/>\n<meta property=\"article:published_time\" content=\"2026-01-23T15:09:55+00:00\" \/>\n<meta property=\"article:modified_time\" content=\"2026-03-06T09:14:22+00:00\" \/>\n<meta property=\"og:image\" content=\"https:\/\/www.autoesa.cz\/zajimavosti\/wp-content\/uploads\/2026\/01\/Gen-Z-na-trhu-prace-1.png\" \/>\n\t<meta property=\"og:image:width\" content=\"900\" \/>\n\t<meta property=\"og:image:height\" content=\"600\" \/>\n\t<meta property=\"og:image:type\" content=\"image\/png\" \/>\n<meta name=\"author\" content=\"Zuzana Ferramontiov\u00e1\" \/>\n<meta name=\"twitter:card\" content=\"summary_large_image\" \/>\n<meta name=\"twitter:label1\" content=\"Napsal(a)\" \/>\n\t<meta name=\"twitter:data1\" content=\"Zuzana Ferramontiov\u00e1\" \/>\n\t<meta name=\"twitter:label2\" content=\"Odhadovan\u00e1 doba \u010dten\u00ed\" \/>\n\t<meta name=\"twitter:data2\" content=\"5 minut\" \/>\n<script type=\"application\/ld+json\" class=\"yoast-schema-graph\">{\"@context\":\"https:\\\/\\\/schema.org\",\"@graph\":[{\"@type\":\"Article\",\"@id\":\"https:\\\/\\\/www.autoesa.cz\\\/zajimavosti\\\/ostatni\\\/gen-z-a-hledani-prace-v-automotive\\\/#article\",\"isPartOf\":{\"@id\":\"https:\\\/\\\/www.autoesa.cz\\\/zajimavosti\\\/ostatni\\\/gen-z-a-hledani-prace-v-automotive\\\/\"},\"author\":{\"name\":\"Zuzana Ferramontiov\u00e1\",\"@id\":\"https:\\\/\\\/www.autoesa.cz\\\/zajimavosti\\\/#\\\/schema\\\/person\\\/d804464d631a838c5b8945b5336c1427\"},\"headline\":\"Hled\u00e1n\u00ed pr\u00e1ce pro Gen Z: Pro\u010d se dnes vyplat\u00ed technick\u00e9 obory a automotive\",\"datePublished\":\"2026-01-23T15:09:55+00:00\",\"dateModified\":\"2026-03-06T09:14:22+00:00\",\"mainEntityOfPage\":{\"@id\":\"https:\\\/\\\/www.autoesa.cz\\\/zajimavosti\\\/ostatni\\\/gen-z-a-hledani-prace-v-automotive\\\/\"},\"wordCount\":853,\"commentCount\":0,\"image\":{\"@id\":\"https:\\\/\\\/www.autoesa.cz\\\/zajimavosti\\\/ostatni\\\/gen-z-a-hledani-prace-v-automotive\\\/#primaryimage\"},\"thumbnailUrl\":\"https:\\\/\\\/www.autoesa.cz\\\/zajimavosti\\\/wp-content\\\/uploads\\\/2026\\\/01\\\/Gen-Z-na-trhu-prace-1.png\",\"keywords\":[\"automotive\",\"gen z\",\"hled\u00e1n\u00ed pr\u00e1ce\",\"kari\u00e9ra\",\"pr\u00e1ce\"],\"articleSection\":[\"Ostatn\u00ed\"],\"inLanguage\":\"cs\",\"potentialAction\":[{\"@type\":\"CommentAction\",\"name\":\"Comment\",\"target\":[\"https:\\\/\\\/www.autoesa.cz\\\/zajimavosti\\\/ostatni\\\/gen-z-a-hledani-prace-v-automotive\\\/#respond\"]}]},{\"@type\":\"WebPage\",\"@id\":\"https:\\\/\\\/www.autoesa.cz\\\/zajimavosti\\\/ostatni\\\/gen-z-a-hledani-prace-v-automotive\\\/\",\"url\":\"https:\\\/\\\/www.autoesa.cz\\\/zajimavosti\\\/ostatni\\\/gen-z-a-hledani-prace-v-automotive\\\/\",\"name\":\"Gen Z a hled\u00e1n\u00ed pr\u00e1ce - Pro\u010d d\u00e1t \u0161anci zrovna automotive oboru? - Zaj\u00edmavosti Auto ESA\",\"isPartOf\":{\"@id\":\"https:\\\/\\\/www.autoesa.cz\\\/zajimavosti\\\/#website\"},\"primaryImageOfPage\":{\"@id\":\"https:\\\/\\\/www.autoesa.cz\\\/zajimavosti\\\/ostatni\\\/gen-z-a-hledani-prace-v-automotive\\\/#primaryimage\"},\"image\":{\"@id\":\"https:\\\/\\\/www.autoesa.cz\\\/zajimavosti\\\/ostatni\\\/gen-z-a-hledani-prace-v-automotive\\\/#primaryimage\"},\"thumbnailUrl\":\"https:\\\/\\\/www.autoesa.cz\\\/zajimavosti\\\/wp-content\\\/uploads\\\/2026\\\/01\\\/Gen-Z-na-trhu-prace-1.png\",\"datePublished\":\"2026-01-23T15:09:55+00:00\",\"dateModified\":\"2026-03-06T09:14:22+00:00\",\"author\":{\"@id\":\"https:\\\/\\\/www.autoesa.cz\\\/zajimavosti\\\/#\\\/schema\\\/person\\\/d804464d631a838c5b8945b5336c1427\"},\"description\":\"Jak se Gen Z d\u00edv\u00e1 na hled\u00e1n\u00ed pr\u00e1ce? Praktick\u00fd pohled na technick\u00e9 obory a pro\u010d m\u016f\u017ee b\u00fdt automotive stabiln\u00ed kari\u00e9rn\u00ed volbou.\",\"breadcrumb\":{\"@id\":\"https:\\\/\\\/www.autoesa.cz\\\/zajimavosti\\\/ostatni\\\/gen-z-a-hledani-prace-v-automotive\\\/#breadcrumb\"},\"inLanguage\":\"cs\",\"potentialAction\":[{\"@type\":\"ReadAction\",\"target\":[\"https:\\\/\\\/www.autoesa.cz\\\/zajimavosti\\\/ostatni\\\/gen-z-a-hledani-prace-v-automotive\\\/\"]}]},{\"@type\":\"ImageObject\",\"inLanguage\":\"cs\",\"@id\":\"https:\\\/\\\/www.autoesa.cz\\\/zajimavosti\\\/ostatni\\\/gen-z-a-hledani-prace-v-automotive\\\/#primaryimage\",\"url\":\"https:\\\/\\\/www.autoesa.cz\\\/zajimavosti\\\/wp-content\\\/uploads\\\/2026\\\/01\\\/Gen-Z-na-trhu-prace-1.png\",\"contentUrl\":\"https:\\\/\\\/www.autoesa.cz\\\/zajimavosti\\\/wp-content\\\/uploads\\\/2026\\\/01\\\/Gen-Z-na-trhu-prace-1.png\",\"width\":900,\"height\":600,\"caption\":\"Hled\u00e1n\u00ed pr\u00e1ce pro Gen Z v roce 2026\"},{\"@type\":\"BreadcrumbList\",\"@id\":\"https:\\\/\\\/www.autoesa.cz\\\/zajimavosti\\\/ostatni\\\/gen-z-a-hledani-prace-v-automotive\\\/#breadcrumb\",\"itemListElement\":[{\"@type\":\"ListItem\",\"position\":1,\"name\":\"Dom\u016f\",\"item\":\"https:\\\/\\\/www.autoesa.cz\\\/zajimavosti\\\/\"},{\"@type\":\"ListItem\",\"position\":2,\"name\":\"Hled\u00e1n\u00ed pr\u00e1ce pro Gen Z: Pro\u010d se dnes vyplat\u00ed technick\u00e9 obory a automotive\"}]},{\"@type\":\"WebSite\",\"@id\":\"https:\\\/\\\/www.autoesa.cz\\\/zajimavosti\\\/#website\",\"url\":\"https:\\\/\\\/www.autoesa.cz\\\/zajimavosti\\\/\",\"name\":\"Zaj\u00edmavosti Auto ESA\",\"description\":\"Zaj\u00edmavosti Auto ESA\",\"potentialAction\":[{\"@type\":\"SearchAction\",\"target\":{\"@type\":\"EntryPoint\",\"urlTemplate\":\"https:\\\/\\\/www.autoesa.cz\\\/zajimavosti\\\/?s={search_term_string}\"},\"query-input\":{\"@type\":\"PropertyValueSpecification\",\"valueRequired\":true,\"valueName\":\"search_term_string\"}}],\"inLanguage\":\"cs\"},{\"@type\":\"Person\",\"@id\":\"https:\\\/\\\/www.autoesa.cz\\\/zajimavosti\\\/#\\\/schema\\\/person\\\/d804464d631a838c5b8945b5336c1427\",\"name\":\"Zuzana Ferramontiov\u00e1\",\"image\":{\"@type\":\"ImageObject\",\"inLanguage\":\"cs\",\"@id\":\"https:\\\/\\\/secure.gravatar.com\\\/avatar\\\/edef9d7bdfdb830d01c0d683f93e425666ee47b2cd39e4d0a3a2b94844761b1d?s=96&d=mm&r=g\",\"url\":\"https:\\\/\\\/secure.gravatar.com\\\/avatar\\\/edef9d7bdfdb830d01c0d683f93e425666ee47b2cd39e4d0a3a2b94844761b1d?s=96&d=mm&r=g\",\"contentUrl\":\"https:\\\/\\\/secure.gravatar.com\\\/avatar\\\/edef9d7bdfdb830d01c0d683f93e425666ee47b2cd39e4d0a3a2b94844761b1d?s=96&d=mm&r=g\",\"caption\":\"Zuzana Ferramontiov\u00e1\"},\"url\":\"https:\\\/\\\/www.autoesa.cz\\\/zajimavosti\\\/author\\\/ferramontiovazautoesa-cz\\\/\"}]}<\/script>\n<!-- \/ Yoast SEO plugin. -->","yoast_head_json":{"title":"Gen Z a hled\u00e1n\u00ed pr\u00e1ce - Pro\u010d d\u00e1t \u0161anci zrovna automotive oboru? - Zaj\u00edmavosti Auto ESA","description":"Jak se Gen Z d\u00edv\u00e1 na hled\u00e1n\u00ed pr\u00e1ce? Praktick\u00fd pohled na technick\u00e9 obory a pro\u010d m\u016f\u017ee b\u00fdt automotive stabiln\u00ed kari\u00e9rn\u00ed volbou.","robots":{"index":"index","follow":"follow","max-snippet":"max-snippet:-1","max-image-preview":"max-image-preview:large","max-video-preview":"max-video-preview:-1"},"canonical":"https:\/\/www.autoesa.cz\/zajimavosti\/ostatni\/gen-z-a-hledani-prace-v-automotive\/","og_locale":"cs_CZ","og_type":"article","og_title":"Gen Z a hled\u00e1n\u00ed pr\u00e1ce - Pro\u010d d\u00e1t \u0161anci zrovna automotive oboru? - Zaj\u00edmavosti Auto ESA","og_description":"Jak se Gen Z d\u00edv\u00e1 na hled\u00e1n\u00ed pr\u00e1ce? Praktick\u00fd pohled na technick\u00e9 obory a pro\u010d m\u016f\u017ee b\u00fdt automotive stabiln\u00ed kari\u00e9rn\u00ed volbou.","og_url":"https:\/\/www.autoesa.cz\/zajimavosti\/ostatni\/gen-z-a-hledani-prace-v-automotive\/","og_site_name":"Zaj\u00edmavosti Auto ESA","article_published_time":"2026-01-23T15:09:55+00:00","article_modified_time":"2026-03-06T09:14:22+00:00","og_image":[{"width":900,"height":600,"url":"https:\/\/www.autoesa.cz\/zajimavosti\/wp-content\/uploads\/2026\/01\/Gen-Z-na-trhu-prace-1.png","type":"image\/png"}],"author":"Zuzana Ferramontiov\u00e1","twitter_card":"summary_large_image","twitter_misc":{"Napsal(a)":"Zuzana Ferramontiov\u00e1","Odhadovan\u00e1 doba \u010dten\u00ed":"5 minut"},"schema":{"@context":"https:\/\/schema.org","@graph":[{"@type":"Article","@id":"https:\/\/www.autoesa.cz\/zajimavosti\/ostatni\/gen-z-a-hledani-prace-v-automotive\/#article","isPartOf":{"@id":"https:\/\/www.autoesa.cz\/zajimavosti\/ostatni\/gen-z-a-hledani-prace-v-automotive\/"},"author":{"name":"Zuzana Ferramontiov\u00e1","@id":"https:\/\/www.autoesa.cz\/zajimavosti\/#\/schema\/person\/d804464d631a838c5b8945b5336c1427"},"headline":"Hled\u00e1n\u00ed pr\u00e1ce pro Gen Z: Pro\u010d se dnes vyplat\u00ed technick\u00e9 obory a automotive","datePublished":"2026-01-23T15:09:55+00:00","dateModified":"2026-03-06T09:14:22+00:00","mainEntityOfPage":{"@id":"https:\/\/www.autoesa.cz\/zajimavosti\/ostatni\/gen-z-a-hledani-prace-v-automotive\/"},"wordCount":853,"commentCount":0,"image":{"@id":"https:\/\/www.autoesa.cz\/zajimavosti\/ostatni\/gen-z-a-hledani-prace-v-automotive\/#primaryimage"},"thumbnailUrl":"https:\/\/www.autoesa.cz\/zajimavosti\/wp-content\/uploads\/2026\/01\/Gen-Z-na-trhu-prace-1.png","keywords":["automotive","gen z","hled\u00e1n\u00ed pr\u00e1ce","kari\u00e9ra","pr\u00e1ce"],"articleSection":["Ostatn\u00ed"],"inLanguage":"cs","potentialAction":[{"@type":"CommentAction","name":"Comment","target":["https:\/\/www.autoesa.cz\/zajimavosti\/ostatni\/gen-z-a-hledani-prace-v-automotive\/#respond"]}]},{"@type":"WebPage","@id":"https:\/\/www.autoesa.cz\/zajimavosti\/ostatni\/gen-z-a-hledani-prace-v-automotive\/","url":"https:\/\/www.autoesa.cz\/zajimavosti\/ostatni\/gen-z-a-hledani-prace-v-automotive\/","name":"Gen Z a hled\u00e1n\u00ed pr\u00e1ce - Pro\u010d d\u00e1t \u0161anci zrovna automotive oboru? - Zaj\u00edmavosti Auto ESA","isPartOf":{"@id":"https:\/\/www.autoesa.cz\/zajimavosti\/#website"},"primaryImageOfPage":{"@id":"https:\/\/www.autoesa.cz\/zajimavosti\/ostatni\/gen-z-a-hledani-prace-v-automotive\/#primaryimage"},"image":{"@id":"https:\/\/www.autoesa.cz\/zajimavosti\/ostatni\/gen-z-a-hledani-prace-v-automotive\/#primaryimage"},"thumbnailUrl":"https:\/\/www.autoesa.cz\/zajimavosti\/wp-content\/uploads\/2026\/01\/Gen-Z-na-trhu-prace-1.png","datePublished":"2026-01-23T15:09:55+00:00","dateModified":"2026-03-06T09:14:22+00:00","author":{"@id":"https:\/\/www.autoesa.cz\/zajimavosti\/#\/schema\/person\/d804464d631a838c5b8945b5336c1427"},"description":"Jak se Gen Z d\u00edv\u00e1 na hled\u00e1n\u00ed pr\u00e1ce? Praktick\u00fd pohled na technick\u00e9 obory a pro\u010d m\u016f\u017ee b\u00fdt automotive stabiln\u00ed kari\u00e9rn\u00ed volbou.","breadcrumb":{"@id":"https:\/\/www.autoesa.cz\/zajimavosti\/ostatni\/gen-z-a-hledani-prace-v-automotive\/#breadcrumb"},"inLanguage":"cs","potentialAction":[{"@type":"ReadAction","target":["https:\/\/www.autoesa.cz\/zajimavosti\/ostatni\/gen-z-a-hledani-prace-v-automotive\/"]}]},{"@type":"ImageObject","inLanguage":"cs","@id":"https:\/\/www.autoesa.cz\/zajimavosti\/ostatni\/gen-z-a-hledani-prace-v-automotive\/#primaryimage","url":"https:\/\/www.autoesa.cz\/zajimavosti\/wp-content\/uploads\/2026\/01\/Gen-Z-na-trhu-prace-1.png","contentUrl":"https:\/\/www.autoesa.cz\/zajimavosti\/wp-content\/uploads\/2026\/01\/Gen-Z-na-trhu-prace-1.png","width":900,"height":600,"caption":"Hled\u00e1n\u00ed pr\u00e1ce pro Gen Z v roce 2026"},{"@type":"BreadcrumbList","@id":"https:\/\/www.autoesa.cz\/zajimavosti\/ostatni\/gen-z-a-hledani-prace-v-automotive\/#breadcrumb","itemListElement":[{"@type":"ListItem","position":1,"name":"Dom\u016f","item":"https:\/\/www.autoesa.cz\/zajimavosti\/"},{"@type":"ListItem","position":2,"name":"Hled\u00e1n\u00ed pr\u00e1ce pro Gen Z: Pro\u010d se dnes vyplat\u00ed technick\u00e9 obory a automotive"}]},{"@type":"WebSite","@id":"https:\/\/www.autoesa.cz\/zajimavosti\/#website","url":"https:\/\/www.autoesa.cz\/zajimavosti\/","name":"Zaj\u00edmavosti Auto ESA","description":"Zaj\u00edmavosti Auto ESA","potentialAction":[{"@type":"SearchAction","target":{"@type":"EntryPoint","urlTemplate":"https:\/\/www.autoesa.cz\/zajimavosti\/?s={search_term_string}"},"query-input":{"@type":"PropertyValueSpecification","valueRequired":true,"valueName":"search_term_string"}}],"inLanguage":"cs"},{"@type":"Person","@id":"https:\/\/www.autoesa.cz\/zajimavosti\/#\/schema\/person\/d804464d631a838c5b8945b5336c1427","name":"Zuzana Ferramontiov\u00e1","image":{"@type":"ImageObject","inLanguage":"cs","@id":"https:\/\/secure.gravatar.com\/avatar\/edef9d7bdfdb830d01c0d683f93e425666ee47b2cd39e4d0a3a2b94844761b1d?s=96&d=mm&r=g","url":"https:\/\/secure.gravatar.com\/avatar\/edef9d7bdfdb830d01c0d683f93e425666ee47b2cd39e4d0a3a2b94844761b1d?s=96&d=mm&r=g","contentUrl":"https:\/\/secure.gravatar.com\/avatar\/edef9d7bdfdb830d01c0d683f93e425666ee47b2cd39e4d0a3a2b94844761b1d?s=96&d=mm&r=g","caption":"Zuzana Ferramontiov\u00e1"},"url":"https:\/\/www.autoesa.cz\/zajimavosti\/author\/ferramontiovazautoesa-cz\/"}]}},"_links":{"self":[{"href":"https:\/\/www.autoesa.cz\/zajimavosti\/wp-json\/wp\/v2\/posts\/8512","targetHints":{"allow":["GET"]}}],"collection":[{"href":"https:\/\/www.autoesa.cz\/zajimavosti\/wp-json\/wp\/v2\/posts"}],"about":[{"href":"https:\/\/www.autoesa.cz\/zajimavosti\/wp-json\/wp\/v2\/types\/post"}],"author":[{"embeddable":true,"href":"https:\/\/www.autoesa.cz\/zajimavosti\/wp-json\/wp\/v2\/users\/22"}],"replies":[{"embeddable":true,"href":"https:\/\/www.autoesa.cz\/zajimavosti\/wp-json\/wp\/v2\/comments?post=8512"}],"version-history":[{"count":10,"href":"https:\/\/www.autoesa.cz\/zajimavosti\/wp-json\/wp\/v2\/posts\/8512\/revisions"}],"predecessor-version":[{"id":8696,"href":"https:\/\/www.autoesa.cz\/zajimavosti\/wp-json\/wp\/v2\/posts\/8512\/revisions\/8696"}],"wp:featuredmedia":[{"embeddable":true,"href":"https:\/\/www.autoesa.cz\/zajimavosti\/wp-json\/wp\/v2\/media\/8524"}],"wp:attachment":[{"href":"https:\/\/www.autoesa.cz\/zajimavosti\/wp-json\/wp\/v2\/media?parent=8512"}],"wp:term":[{"taxonomy":"category","embeddable":true,"href":"https:\/\/www.autoesa.cz\/zajimavosti\/wp-json\/wp\/v2\/categories?post=8512"},{"taxonomy":"post_tag","embeddable":true,"href":"https:\/\/www.autoesa.cz\/zajimavosti\/wp-json\/wp\/v2\/tags?post=8512"}],"curies":[{"name":"wp","href":"https:\/\/api.w.org\/{rel}","templated":true}]}}